{"id":474,"date":"2024-03-20T18:11:28","date_gmt":"2024-03-20T17:11:28","guid":{"rendered":"https:\/\/www.schlosskrone.de\/blog\/?p=474"},"modified":"2024-03-20T18:14:30","modified_gmt":"2024-03-20T17:14:30","slug":"der-forggensee-im-winter-versunkene-welt","status":"publish","type":"post","link":"https:\/\/www.schlosskrone.de\/blog\/2024\/03\/20\/der-forggensee-im-winter-versunkene-welt\/","title":{"rendered":"Der Forggensee im Winter \u2013 versunkene Welt"},"content":{"rendered":"\n<p>Im Sommer z\u00e4hlt der Forggensee zu einem beliebten Ausflugsziel\u2026. strahlend t\u00fcrkisblaues Wasser, umgeben von viel gr\u00fcn, tolle Badestellen und von einigen Orten l\u00e4sst sich sogar ein Blick auf <a href=\"https:\/\/www.schlosskrone.de\/hotel-neuschwanstein.html\">Schloss Neuschwanstein<\/a> erhaschen. Von Juni bis Mitte Oktober kann man die Rundfahrten mit der <a href=\"https:\/\/www.forggensee-schifffahrt.de\/\">Forggensee-Flotte<\/a> genie\u00dfen und die Umgebung vom Wasser aus erkunden. F\u00fcr Wassersport-Fans wird jede Menge geboten, wie Segeln, Kanu fahren oder Stand-Up-Paddling. Auch das <a href=\"https:\/\/www.schlosskrone.de\/sehenswuerdigkeiten\/festspielhaus-fuessen.html\">Festspielhaus \u201eNeuschwanstein\u201c<\/a> liegt traumhaft sch\u00f6n am Forggensee und l\u00e4sst somit jeden <a href=\"https:\/\/www.schlosskrone.de\/hotel-fuessen\/pauschalen\/2-tages-arrangement0.html\">Musicalbesuch<\/a> ganz einzigartig werden. Die lauen Sommerabende mit der untergehenden Sonne, welche sich auf dem Wasser spiegelt, schafft eine ganz besondere Atmosph\u00e4re. Da werden Sommertr\u00e4ume wahr\u2026.<\/p>\n\n\n\n<div class=\"wp-block-group is-layout-constrained wp-block-group-is-layout-constrained\"><div class=\"wp-block-group__inner-container\"><div class=\"wp-block-image\">\n<figure class=\"aligncenter size-large is-resized\"><a href=\"https:\/\/www.schlosskrone.de\/blog\/wp-content\/uploads\/2024\/03\/Forggensee3-scaled.jpg\"><img loading=\"lazy\" decoding=\"async\" width=\"1024\" height=\"768\" src=\"https:\/\/www.schlosskrone.de\/blog\/wp-content\/uploads\/2024\/03\/Forggensee3-1024x768.jpg\" alt=\"\" class=\"wp-image-475\" style=\"width:415px;height:auto\" srcset=\"https:\/\/www.schlosskrone.de\/blog\/wp-content\/uploads\/2024\/03\/Forggensee3-1024x768.jpg 1024w, https:\/\/www.schlosskrone.de\/blog\/wp-content\/uploads\/2024\/03\/Forggensee3-300x225.jpg 300w, https:\/\/www.schlosskrone.de\/blog\/wp-content\/uploads\/2024\/03\/Forggensee3-768x576.jpg 768w, https:\/\/www.schlosskrone.de\/blog\/wp-content\/uploads\/2024\/03\/Forggensee3-1536x1152.jpg 1536w, https:\/\/www.schlosskrone.de\/blog\/wp-content\/uploads\/2024\/03\/Forggensee3-2048x1536.jpg 2048w, https:\/\/www.schlosskrone.de\/blog\/wp-content\/uploads\/2024\/03\/Forggensee3-400x300.jpg 400w\" sizes=\"(max-width: 1024px) 100vw, 1024px\" \/><\/a><figcaption class=\"wp-element-caption\"><sup>Forggensee im Sommer \/ C Hotel Schlosskrone<\/sup><\/figcaption><\/figure><\/div><\/div><\/div>\n\n\n\n<div class=\"wp-block-group is-layout-constrained wp-block-group-is-layout-constrained\"><div class=\"wp-block-group__inner-container\"><div class=\"wp-block-image\">\n<figure class=\"aligncenter size-large is-resized\"><a href=\"https:\/\/www.schlosskrone.de\/blog\/wp-content\/uploads\/2024\/03\/Forggensee6-scaled.jpg\"><img loading=\"lazy\" decoding=\"async\" width=\"1024\" height=\"756\" src=\"https:\/\/www.schlosskrone.de\/blog\/wp-content\/uploads\/2024\/03\/Forggensee6-1024x756.jpg\" alt=\"\" class=\"wp-image-473\" style=\"width:414px;height:auto\" srcset=\"https:\/\/www.schlosskrone.de\/blog\/wp-content\/uploads\/2024\/03\/Forggensee6-1024x756.jpg 1024w, https:\/\/www.schlosskrone.de\/blog\/wp-content\/uploads\/2024\/03\/Forggensee6-300x221.jpg 300w, https:\/\/www.schlosskrone.de\/blog\/wp-content\/uploads\/2024\/03\/Forggensee6-768x567.jpg 768w, https:\/\/www.schlosskrone.de\/blog\/wp-content\/uploads\/2024\/03\/Forggensee6-1536x1134.jpg 1536w, https:\/\/www.schlosskrone.de\/blog\/wp-content\/uploads\/2024\/03\/Forggensee6-2048x1511.jpg 2048w, https:\/\/www.schlosskrone.de\/blog\/wp-content\/uploads\/2024\/03\/Forggensee6-406x300.jpg 406w\" sizes=\"(max-width: 1024px) 100vw, 1024px\" \/><\/a><figcaption class=\"wp-element-caption\"><sup>Forggensee &#8211; Blick vom Festspielhaus \/ C Hotel Schlosskrone<\/sup><\/figcaption><\/figure><\/div><\/div><\/div>\n\n\n\n<h2 class=\"wp-block-heading\"><strong>Der \u201eSt\u00f6psel\u201c wird im Herbst gezogen\u2026<\/strong><\/h2>\n\n\n\n<p>In der kalten Jahreszeit wird der Forggensee \u2013 der fl\u00e4chenm\u00e4\u00dfig gr\u00f6\u00dfte Stausee Deutschlands \u2013 abgelassen. Statt sch\u00f6nem blauen Wasser nur dunkler Morast\u2026 doch birgt der See auch im Winter viel Wissenswertes und Sehenswertes.<\/p>\n\n\n\n<h2 class=\"wp-block-heading\"><strong>Der k\u00fcnstlich angelegte Stausee<\/strong><\/h2>\n\n\n\n<p>Der Forggensee \u2013 Bayerns f\u00fcnft gr\u00f6\u00dfter See wurde k\u00fcnstlich angelegt. Bereits Ende des 19. Jahrhunderts gab es erste Pl\u00e4ne zur Nutzung der Wasserkraft bei Ro\u00dfhaupten \u2013 heutiger Platz der Staumauer \u2013 welche zu damaligen Zeiten jedoch nicht umgesetzt werden konnten. Erst 1950 wurde mit dem Bau des Lechspeichers begonnen, begleitet von vielen Prosteten der Bev\u00f6lkerung. Circa 32 bewohnte Geb\u00e4ude mit rund 256 Einwohnern aus den Gemeinden Brunnen, Deutenhausen und <a href=\"https:\/\/de.wikipedia.org\/wiki\/Forggen\">Forggen<\/a> \u2013 dem Namengeber des Forggensees &#8211; waren betroffen. Darunter allein 16 Bauernh\u00f6fe mit einer Nutzfl\u00e4che von ca. 800 Hektar. Auch weitere Anwohner im Gebiet F\u00fcssen Weidach und Osterreinen mussten Haus und Hof verlassen. Lediglich 14 H\u00e4user aus Deutenhausen wurden \u201egerettet\u201c und in der Umgebung wieder aufgebaut. Die Heiligenfiguren aus der damaligen Deutenhausener Kapelle sind noch heute in der <a href=\"https:\/\/de.wikipedia.org\/wiki\/St._Coloman_(Schwangau)\">St. Coloman Kirche in Schwangau<\/a> zu finden. F\u00fcr alle Anwohner konnten ortsnah neue H\u00e4user und H\u00f6fe gebaut werden. Somit stand dem Bau der Talsperre 1951 nichts mehr im Weg. Die Fertigstellung und Flutung des Forggensees erfolgte 1954.<\/p>\n\n\n\n<h2 class=\"wp-block-heading\"><strong>\u201eWattwanderung\u201c im Forggensee<\/strong><\/h2>\n\n\n\n<p>Wenn im Winter der Wasserstand allm\u00e4hlich sinkt bis zur fast kompletten Austrocknung im M\u00e4rz, kommen die l\u00e4ngst vergessenen \u00dcberreste dieser Umsiedlung und Flutung zum Vorschein. Der See ist nun teilweise begehbar \u2013 man stapft durch Schlick und Schlamm oder fast \u201emond\u00e4hnliche\u201c Landschaft. Mitten durch den See zwischen Rieden und Ro\u00dfhaupten verlief die r\u00f6mische <a href=\"https:\/\/www.fuessen.de\/kultur\/ferienstrassen\/via-claudia-augusta.html\">\u201eVia Claudia Augusta\u201c<\/a>, auf welchen Spuren man wandeln kann oder man bestaunt die Reste der Tiefentalbr\u00fccke der ehemaligen Bundesstra\u00dfe. &nbsp;Vorbei an Treibholz, alten Baumst\u00e4mmen und -st\u00fcmpfen, alten Mauern\u2026 \u00dcberbleibsel der fr\u00fcheren Gemeinden.<\/p>\n\n\n\n<p>Wenige hundert Meter vom Ufer des Ortsteils \u201eBrunnen\u201c entfernt, findet man freigesp\u00fclte Grundmauern und Ziegelreste einer r\u00f6mischen Villa rustica. Und welch ein Blickfang\u2026 im \u201eleeren\u201c Forggensee vor Schloss Neuschwanstein\u2026 ein Erinnerungsfoto der ganz besonderen Art in einer l\u00e4ngst versunkenen Welt, umgeben von den sch\u00f6nen Ostallg\u00e4uer Bergen.<\/p>\n\n\n\n<figure class=\"wp-block-gallery has-nested-images columns-default is-cropped wp-block-gallery-1 is-layout-flex wp-block-gallery-is-layout-flex\">\n<figure class=\"wp-block-image size-large\"><a href=\"https:\/\/www.schlosskrone.de\/blog\/wp-content\/uploads\/2024\/03\/Forggensee_Winter-scaled.jpg\"><img loading=\"lazy\" decoding=\"async\" width=\"768\" height=\"1024\" data-id=\"472\" src=\"https:\/\/www.schlosskrone.de\/blog\/wp-content\/uploads\/2024\/03\/Forggensee_Winter-768x1024.jpg\" alt=\"\" class=\"wp-image-472\" srcset=\"https:\/\/www.schlosskrone.de\/blog\/wp-content\/uploads\/2024\/03\/Forggensee_Winter-768x1024.jpg 768w, https:\/\/www.schlosskrone.de\/blog\/wp-content\/uploads\/2024\/03\/Forggensee_Winter-225x300.jpg 225w, https:\/\/www.schlosskrone.de\/blog\/wp-content\/uploads\/2024\/03\/Forggensee_Winter-1152x1536.jpg 1152w, https:\/\/www.schlosskrone.de\/blog\/wp-content\/uploads\/2024\/03\/Forggensee_Winter-1536x2048.jpg 1536w, https:\/\/www.schlosskrone.de\/blog\/wp-content\/uploads\/2024\/03\/Forggensee_Winter-scaled.jpg 1920w\" sizes=\"(max-width: 768px) 100vw, 768px\" \/><\/a><figcaption class=\"wp-element-caption\">Forggensee im Winter \/<br>C Hotel Schlosskrone<\/figcaption><\/figure>\n\n\n\n<figure class=\"wp-block-image size-large\"><a href=\"https:\/\/www.schlosskrone.de\/blog\/wp-content\/uploads\/2024\/03\/Forggensee_Winter2-scaled.jpg\"><img loading=\"lazy\" decoding=\"async\" width=\"768\" height=\"1024\" data-id=\"471\" src=\"https:\/\/www.schlosskrone.de\/blog\/wp-content\/uploads\/2024\/03\/Forggensee_Winter2-768x1024.jpg\" alt=\"\" class=\"wp-image-471\" srcset=\"https:\/\/www.schlosskrone.de\/blog\/wp-content\/uploads\/2024\/03\/Forggensee_Winter2-768x1024.jpg 768w, https:\/\/www.schlosskrone.de\/blog\/wp-content\/uploads\/2024\/03\/Forggensee_Winter2-225x300.jpg 225w, https:\/\/www.schlosskrone.de\/blog\/wp-content\/uploads\/2024\/03\/Forggensee_Winter2-1152x1536.jpg 1152w, https:\/\/www.schlosskrone.de\/blog\/wp-content\/uploads\/2024\/03\/Forggensee_Winter2-1536x2048.jpg 1536w, https:\/\/www.schlosskrone.de\/blog\/wp-content\/uploads\/2024\/03\/Forggensee_Winter2-scaled.jpg 1920w\" sizes=\"(max-width: 768px) 100vw, 768px\" \/><\/a><\/figure>\n\n\n\n<figure class=\"wp-block-image size-large\"><a href=\"https:\/\/www.schlosskrone.de\/blog\/wp-content\/uploads\/2024\/03\/Forggensee_Winter3-scaled.jpg\"><img loading=\"lazy\" decoding=\"async\" width=\"768\" height=\"1024\" data-id=\"470\" src=\"https:\/\/www.schlosskrone.de\/blog\/wp-content\/uploads\/2024\/03\/Forggensee_Winter3-768x1024.jpg\" alt=\"\" class=\"wp-image-470\" srcset=\"https:\/\/www.schlosskrone.de\/blog\/wp-content\/uploads\/2024\/03\/Forggensee_Winter3-768x1024.jpg 768w, https:\/\/www.schlosskrone.de\/blog\/wp-content\/uploads\/2024\/03\/Forggensee_Winter3-225x300.jpg 225w, https:\/\/www.schlosskrone.de\/blog\/wp-content\/uploads\/2024\/03\/Forggensee_Winter3-1152x1536.jpg 1152w, https:\/\/www.schlosskrone.de\/blog\/wp-content\/uploads\/2024\/03\/Forggensee_Winter3-1536x2048.jpg 1536w, https:\/\/www.schlosskrone.de\/blog\/wp-content\/uploads\/2024\/03\/Forggensee_Winter3-scaled.jpg 1920w\" sizes=\"(max-width: 768px) 100vw, 768px\" \/><\/a><\/figure>\n<\/figure>\n\n\n\n<p> <p class=\"MsoNormal\">Start f\u00fcr die Wanderung der anderen Art k\u00f6nnen sowohl F\u00fcssen \/ Festspielhaus, Schwangau \/ Waltenhofen und Brunnen als auch Rieden \/ Osterreinen sein. Vom <a href=\"https:\/\/www.schlosskrone.de\">Hotel Schlosskrone<\/a> in <a href=\"https:\/\/www.schlosskrone.de\/sehenswuerdigkeiten\/fuessenaltstadt.html\">F\u00fcssen<\/a> jeweils in nur wenigen Autominuten zu erreichen.<\/p><p class=\"MsoNormal\"><\/p><\/p>\n\n\n\n<p><strong><em>Tipp:<\/em><\/strong> Wer den Forggensee nicht allein erkunden m\u00f6chte: im M\u00e4rz und April finden gef\u00fchrte Wanderungen \u201eFaszination Forggensee\u201c mit Heimatforscher Magnus Peresson in Schwangau statt.<\/p>\n","protected":false},"excerpt":{"rendered":"<p>Im Sommer z\u00e4hlt der Forggensee zu einem beliebten Ausflugsziel\u2026. strahlend t\u00fcrkisblaues Wasser, umgeben von viel gr\u00fcn, tolle Badestellen und von einigen Orten l\u00e4sst sich sogar ein Blick auf Schloss Neuschwanstein erhaschen. Von Juni bis Mitte Oktober kann man die Rundfahrten &hellip; <a href=\"https:\/\/www.schlosskrone.de\/blog\/2024\/03\/20\/der-forggensee-im-winter-versunkene-welt\/\">Weiterlesen <span class=\"meta-nav\">&rarr;<\/span><\/a><\/p>\n","protected":false},"author":4,"featured_media":0,"comment_status":"closed","ping_status":"open","sticky":false,"template":"","format":"standard","meta":{"footnotes":""},"categories":[1],"tags":[13,10,5,8,11,12],"yoast_head":"<!-- This site is optimized with the Yoast SEO plugin v22.0 - https:\/\/yoast.com\/wordpress\/plugins\/seo\/ -->\n<title>Der Forggensee im Winter \u2013 versunkene Welt - Blog vom Hotel Schlosskrone F\u00fcssen<\/title>\n<meta name=\"robots\" content=\"index, follow, max-snippet:-1, max-image-preview:large, max-video-preview:-1\" \/>\n<link rel=\"canonical\" href=\"https:\/\/www.schlosskrone.de\/blog\/2024\/03\/20\/der-forggensee-im-winter-versunkene-welt\/\" \/>\n<meta property=\"og:locale\" content=\"de_DE\" \/>\n<meta property=\"og:type\" content=\"article\" \/>\n<meta property=\"og:title\" content=\"Der Forggensee im Winter \u2013 versunkene Welt - Blog vom Hotel Schlosskrone F\u00fcssen\" \/>\n<meta property=\"og:description\" content=\"Im Sommer z\u00e4hlt der Forggensee zu einem beliebten Ausflugsziel\u2026. strahlend t\u00fcrkisblaues Wasser, umgeben von viel gr\u00fcn, tolle Badestellen und von einigen Orten l\u00e4sst sich sogar ein Blick auf Schloss Neuschwanstein erhaschen. Von Juni bis Mitte Oktober kann man die Rundfahrten &hellip; Weiterlesen &rarr;\" \/>\n<meta property=\"og:url\" content=\"https:\/\/www.schlosskrone.de\/blog\/2024\/03\/20\/der-forggensee-im-winter-versunkene-welt\/\" \/>\n<meta property=\"og:site_name\" content=\"Blog vom Hotel Schlosskrone F\u00fcssen\" \/>\n<meta property=\"article:publisher\" content=\"https:\/\/www.facebook.com\/Hotel.Schlosskrone\/\" \/>\n<meta property=\"article:published_time\" content=\"2024-03-20T17:11:28+00:00\" \/>\n<meta property=\"article:modified_time\" content=\"2024-03-20T17:14:30+00:00\" \/>\n<meta property=\"og:image\" content=\"https:\/\/www.schlosskrone.de\/blog\/wp-content\/uploads\/2024\/03\/Forggensee3-1024x768.jpg\" \/>\n<meta name=\"author\" content=\"re_schlosskrone\" \/>\n<meta name=\"twitter:card\" content=\"summary_large_image\" \/>\n<meta name=\"twitter:label1\" content=\"Verfasst von\" \/>\n\t<meta name=\"twitter:data1\" content=\"re_schlosskrone\" \/>\n\t<meta name=\"twitter:label2\" content=\"Gesch\u00e4tzte Lesezeit\" \/>\n\t<meta name=\"twitter:data2\" content=\"4\u00a0Minuten\" \/>\n<script type=\"application\/ld+json\" class=\"yoast-schema-graph\">{\"@context\":\"https:\/\/schema.org\",\"@graph\":[{\"@type\":\"Article\",\"@id\":\"https:\/\/www.schlosskrone.de\/blog\/2024\/03\/20\/der-forggensee-im-winter-versunkene-welt\/#article\",\"isPartOf\":{\"@id\":\"https:\/\/www.schlosskrone.de\/blog\/2024\/03\/20\/der-forggensee-im-winter-versunkene-welt\/\"},\"author\":{\"name\":\"re_schlosskrone\",\"@id\":\"https:\/\/www.schlosskrone.de\/blog\/#\/schema\/person\/40cbbfdb49497057f0d5ae72444d95bd\"},\"headline\":\"Der Forggensee im Winter \u2013 versunkene Welt\",\"datePublished\":\"2024-03-20T17:11:28+00:00\",\"dateModified\":\"2024-03-20T17:14:30+00:00\",\"mainEntityOfPage\":{\"@id\":\"https:\/\/www.schlosskrone.de\/blog\/2024\/03\/20\/der-forggensee-im-winter-versunkene-welt\/\"},\"wordCount\":564,\"publisher\":{\"@id\":\"https:\/\/www.schlosskrone.de\/blog\/#organization\"},\"keywords\":[\"Festspielhaus Neuschwanstein\",\"Forggensee\",\"F\u00fcssen\",\"hotel f\u00fcssen\",\"Wanderung\",\"Winter\"],\"inLanguage\":\"de\"},{\"@type\":\"WebPage\",\"@id\":\"https:\/\/www.schlosskrone.de\/blog\/2024\/03\/20\/der-forggensee-im-winter-versunkene-welt\/\",\"url\":\"https:\/\/www.schlosskrone.de\/blog\/2024\/03\/20\/der-forggensee-im-winter-versunkene-welt\/\",\"name\":\"Der Forggensee im Winter \u2013 versunkene Welt - Blog vom Hotel Schlosskrone F\u00fcssen\",\"isPartOf\":{\"@id\":\"https:\/\/www.schlosskrone.de\/blog\/#website\"},\"datePublished\":\"2024-03-20T17:11:28+00:00\",\"dateModified\":\"2024-03-20T17:14:30+00:00\",\"breadcrumb\":{\"@id\":\"https:\/\/www.schlosskrone.de\/blog\/2024\/03\/20\/der-forggensee-im-winter-versunkene-welt\/#breadcrumb\"},\"inLanguage\":\"de\",\"potentialAction\":[{\"@type\":\"ReadAction\",\"target\":[\"https:\/\/www.schlosskrone.de\/blog\/2024\/03\/20\/der-forggensee-im-winter-versunkene-welt\/\"]}]},{\"@type\":\"BreadcrumbList\",\"@id\":\"https:\/\/www.schlosskrone.de\/blog\/2024\/03\/20\/der-forggensee-im-winter-versunkene-welt\/#breadcrumb\",\"itemListElement\":[{\"@type\":\"ListItem\",\"position\":1,\"name\":\"Startseite\",\"item\":\"https:\/\/www.schlosskrone.de\/blog\/\"},{\"@type\":\"ListItem\",\"position\":2,\"name\":\"Der Forggensee im Winter \u2013 versunkene Welt\"}]},{\"@type\":\"WebSite\",\"@id\":\"https:\/\/www.schlosskrone.de\/blog\/#website\",\"url\":\"https:\/\/www.schlosskrone.de\/blog\/\",\"name\":\"Blog vom Hotel Schlosskrone F\u00fcssen\",\"description\":\"\",\"publisher\":{\"@id\":\"https:\/\/www.schlosskrone.de\/blog\/#organization\"},\"potentialAction\":[{\"@type\":\"SearchAction\",\"target\":{\"@type\":\"EntryPoint\",\"urlTemplate\":\"https:\/\/www.schlosskrone.de\/blog\/?s={search_term_string}\"},\"query-input\":\"required name=search_term_string\"}],\"inLanguage\":\"de\"},{\"@type\":\"Organization\",\"@id\":\"https:\/\/www.schlosskrone.de\/blog\/#organization\",\"name\":\"Hotel Schlosskrone\",\"url\":\"https:\/\/www.schlosskrone.de\/blog\/\",\"logo\":{\"@type\":\"ImageObject\",\"inLanguage\":\"de\",\"@id\":\"https:\/\/www.schlosskrone.de\/blog\/#\/schema\/logo\/image\/\",\"url\":\"https:\/\/www.schlosskrone.de\/blog\/wp-content\/uploads\/2021\/08\/hotel-schlosskrone-fuessen.png\",\"contentUrl\":\"https:\/\/www.schlosskrone.de\/blog\/wp-content\/uploads\/2021\/08\/hotel-schlosskrone-fuessen.png\",\"width\":350,\"height\":195,\"caption\":\"Hotel Schlosskrone\"},\"image\":{\"@id\":\"https:\/\/www.schlosskrone.de\/blog\/#\/schema\/logo\/image\/\"},\"sameAs\":[\"https:\/\/www.facebook.com\/Hotel.Schlosskrone\/\",\"https:\/\/www.instagram.com\/schlosskrone_fuessen\/\",\"https:\/\/www.youtube.com\/user\/Schlosskronehotel\"]},{\"@type\":\"Person\",\"@id\":\"https:\/\/www.schlosskrone.de\/blog\/#\/schema\/person\/40cbbfdb49497057f0d5ae72444d95bd\",\"name\":\"re_schlosskrone\",\"image\":{\"@type\":\"ImageObject\",\"inLanguage\":\"de\",\"@id\":\"https:\/\/www.schlosskrone.de\/blog\/#\/schema\/person\/image\/\",\"url\":\"https:\/\/secure.gravatar.com\/avatar\/0cf0a4a7f4b0e689487513441c50a87d?s=96&d=mm&r=g\",\"contentUrl\":\"https:\/\/secure.gravatar.com\/avatar\/0cf0a4a7f4b0e689487513441c50a87d?s=96&d=mm&r=g\",\"caption\":\"re_schlosskrone\"}}]}<\/script>\n<!-- \/ Yoast SEO plugin. -->","yoast_head_json":{"title":"Der Forggensee im Winter \u2013 versunkene Welt - Blog vom Hotel Schlosskrone F\u00fcssen","robots":{"index":"index","follow":"follow","max-snippet":"max-snippet:-1","max-image-preview":"max-image-preview:large","max-video-preview":"max-video-preview:-1"},"canonical":"https:\/\/www.schlosskrone.de\/blog\/2024\/03\/20\/der-forggensee-im-winter-versunkene-welt\/","og_locale":"de_DE","og_type":"article","og_title":"Der Forggensee im Winter \u2013 versunkene Welt - Blog vom Hotel Schlosskrone F\u00fcssen","og_description":"Im Sommer z\u00e4hlt der Forggensee zu einem beliebten Ausflugsziel\u2026. strahlend t\u00fcrkisblaues Wasser, umgeben von viel gr\u00fcn, tolle Badestellen und von einigen Orten l\u00e4sst sich sogar ein Blick auf Schloss Neuschwanstein erhaschen. Von Juni bis Mitte Oktober kann man die Rundfahrten &hellip; Weiterlesen &rarr;","og_url":"https:\/\/www.schlosskrone.de\/blog\/2024\/03\/20\/der-forggensee-im-winter-versunkene-welt\/","og_site_name":"Blog vom Hotel Schlosskrone F\u00fcssen","article_publisher":"https:\/\/www.facebook.com\/Hotel.Schlosskrone\/","article_published_time":"2024-03-20T17:11:28+00:00","article_modified_time":"2024-03-20T17:14:30+00:00","og_image":[{"url":"https:\/\/www.schlosskrone.de\/blog\/wp-content\/uploads\/2024\/03\/Forggensee3-1024x768.jpg"}],"author":"re_schlosskrone","twitter_card":"summary_large_image","twitter_misc":{"Verfasst von":"re_schlosskrone","Gesch\u00e4tzte Lesezeit":"4\u00a0Minuten"},"schema":{"@context":"https:\/\/schema.org","@graph":[{"@type":"Article","@id":"https:\/\/www.schlosskrone.de\/blog\/2024\/03\/20\/der-forggensee-im-winter-versunkene-welt\/#article","isPartOf":{"@id":"https:\/\/www.schlosskrone.de\/blog\/2024\/03\/20\/der-forggensee-im-winter-versunkene-welt\/"},"author":{"name":"re_schlosskrone","@id":"https:\/\/www.schlosskrone.de\/blog\/#\/schema\/person\/40cbbfdb49497057f0d5ae72444d95bd"},"headline":"Der Forggensee im Winter \u2013 versunkene Welt","datePublished":"2024-03-20T17:11:28+00:00","dateModified":"2024-03-20T17:14:30+00:00","mainEntityOfPage":{"@id":"https:\/\/www.schlosskrone.de\/blog\/2024\/03\/20\/der-forggensee-im-winter-versunkene-welt\/"},"wordCount":564,"publisher":{"@id":"https:\/\/www.schlosskrone.de\/blog\/#organization"},"keywords":["Festspielhaus Neuschwanstein","Forggensee","F\u00fcssen","hotel f\u00fcssen","Wanderung","Winter"],"inLanguage":"de"},{"@type":"WebPage","@id":"https:\/\/www.schlosskrone.de\/blog\/2024\/03\/20\/der-forggensee-im-winter-versunkene-welt\/","url":"https:\/\/www.schlosskrone.de\/blog\/2024\/03\/20\/der-forggensee-im-winter-versunkene-welt\/","name":"Der Forggensee im Winter \u2013 versunkene Welt - Blog vom Hotel Schlosskrone F\u00fcssen","isPartOf":{"@id":"https:\/\/www.schlosskrone.de\/blog\/#website"},"datePublished":"2024-03-20T17:11:28+00:00","dateModified":"2024-03-20T17:14:30+00:00","breadcrumb":{"@id":"https:\/\/www.schlosskrone.de\/blog\/2024\/03\/20\/der-forggensee-im-winter-versunkene-welt\/#breadcrumb"},"inLanguage":"de","potentialAction":[{"@type":"ReadAction","target":["https:\/\/www.schlosskrone.de\/blog\/2024\/03\/20\/der-forggensee-im-winter-versunkene-welt\/"]}]},{"@type":"BreadcrumbList","@id":"https:\/\/www.schlosskrone.de\/blog\/2024\/03\/20\/der-forggensee-im-winter-versunkene-welt\/#breadcrumb","itemListElement":[{"@type":"ListItem","position":1,"name":"Startseite","item":"https:\/\/www.schlosskrone.de\/blog\/"},{"@type":"ListItem","position":2,"name":"Der Forggensee im Winter \u2013 versunkene Welt"}]},{"@type":"WebSite","@id":"https:\/\/www.schlosskrone.de\/blog\/#website","url":"https:\/\/www.schlosskrone.de\/blog\/","name":"Blog vom Hotel Schlosskrone F\u00fcssen","description":"","publisher":{"@id":"https:\/\/www.schlosskrone.de\/blog\/#organization"},"potentialAction":[{"@type":"SearchAction","target":{"@type":"EntryPoint","urlTemplate":"https:\/\/www.schlosskrone.de\/blog\/?s={search_term_string}"},"query-input":"required name=search_term_string"}],"inLanguage":"de"},{"@type":"Organization","@id":"https:\/\/www.schlosskrone.de\/blog\/#organization","name":"Hotel Schlosskrone","url":"https:\/\/www.schlosskrone.de\/blog\/","logo":{"@type":"ImageObject","inLanguage":"de","@id":"https:\/\/www.schlosskrone.de\/blog\/#\/schema\/logo\/image\/","url":"https:\/\/www.schlosskrone.de\/blog\/wp-content\/uploads\/2021\/08\/hotel-schlosskrone-fuessen.png","contentUrl":"https:\/\/www.schlosskrone.de\/blog\/wp-content\/uploads\/2021\/08\/hotel-schlosskrone-fuessen.png","width":350,"height":195,"caption":"Hotel Schlosskrone"},"image":{"@id":"https:\/\/www.schlosskrone.de\/blog\/#\/schema\/logo\/image\/"},"sameAs":["https:\/\/www.facebook.com\/Hotel.Schlosskrone\/","https:\/\/www.instagram.com\/schlosskrone_fuessen\/","https:\/\/www.youtube.com\/user\/Schlosskronehotel"]},{"@type":"Person","@id":"https:\/\/www.schlosskrone.de\/blog\/#\/schema\/person\/40cbbfdb49497057f0d5ae72444d95bd","name":"re_schlosskrone","image":{"@type":"ImageObject","inLanguage":"de","@id":"https:\/\/www.schlosskrone.de\/blog\/#\/schema\/person\/image\/","url":"https:\/\/secure.gravatar.com\/avatar\/0cf0a4a7f4b0e689487513441c50a87d?s=96&d=mm&r=g","contentUrl":"https:\/\/secure.gravatar.com\/avatar\/0cf0a4a7f4b0e689487513441c50a87d?s=96&d=mm&r=g","caption":"re_schlosskrone"}}]}},"_links":{"self":[{"href":"https:\/\/www.schlosskrone.de\/blog\/wp-json\/wp\/v2\/posts\/474"}],"collection":[{"href":"https:\/\/www.schlosskrone.de\/blog\/wp-json\/wp\/v2\/posts"}],"about":[{"href":"https:\/\/www.schlosskrone.de\/blog\/wp-json\/wp\/v2\/types\/post"}],"author":[{"embeddable":true,"href":"https:\/\/www.schlosskrone.de\/blog\/wp-json\/wp\/v2\/users\/4"}],"replies":[{"embeddable":true,"href":"https:\/\/www.schlosskrone.de\/blog\/wp-json\/wp\/v2\/comments?post=474"}],"version-history":[{"count":7,"href":"https:\/\/www.schlosskrone.de\/blog\/wp-json\/wp\/v2\/posts\/474\/revisions"}],"predecessor-version":[{"id":482,"href":"https:\/\/www.schlosskrone.de\/blog\/wp-json\/wp\/v2\/posts\/474\/revisions\/482"}],"wp:attachment":[{"href":"https:\/\/www.schlosskrone.de\/blog\/wp-json\/wp\/v2\/media?parent=474"}],"wp:term":[{"taxonomy":"category","embeddable":true,"href":"https:\/\/www.schlosskrone.de\/blog\/wp-json\/wp\/v2\/categories?post=474"},{"taxonomy":"post_tag","embeddable":true,"href":"https:\/\/www.schlosskrone.de\/blog\/wp-json\/wp\/v2\/tags?post=474"}],"curies":[{"name":"wp","href":"https:\/\/api.w.org\/{rel}","templated":true}]}}